{"id":4191,"date":"2025-08-05T13:17:31","date_gmt":"2025-08-05T11:17:31","guid":{"rendered":"https:\/\/www.zaitrus.de\/?p=4191"},"modified":"2025-12-17T14:34:04","modified_gmt":"2025-12-17T13:34:04","slug":"%f0%9f%8c%9f-zaitrus-behind-the-mission-unser-marketing-team-im-spotlight","status":"publish","type":"post","link":"https:\/\/www.zaitrus.de\/en\/%f0%9f%8c%9f-zaitrus-behind-the-mission-unser-marketing-team-im-spotlight\/","title":{"rendered":"\ud83c\udf1f ZAITRUS Behind the Mission \u2013 Unser Marketing-Team im Spotlight"},"content":{"rendered":"<p id=\"ember1722\"><em>Sch\u00f6n, dass ihr wieder dabei seid bei <\/em><strong><em>\u201eZAITRUS Behind the Mission\u201c<\/em><\/strong><em>!<\/em><\/p>\n\n\n\n<p id=\"ember1723\">Diesmal drehen wir den Spie\u00df um und stellen uns selbst vor: Wir, das Marketing-Team, stecken hinter den bisherigen Ausgaben dieses Newsletters und geben euch heute einen ganz pers\u00f6nlichen Einblick in unsere Arbeit, unsere Motivation und warum selbst ein kleines Team richtig Gro\u00dfes bewirken kann.<\/p>\n\n\n\n<hr class=\"wp-block-separator has-text-color has-ast-global-color-5-color has-alpha-channel-opacity has-ast-global-color-5-background-color has-background\"\/>\n\n\n\n<h3 class=\"wp-block-heading\" id=\"ember1724\">\ud83d\udc68\ud83d\udcbb Das Marketing-Team:<\/h3>\n\n\n\n<p id=\"ember1725\">Wir sind <a href=\"https:\/\/www.linkedin.com\/in\/anna-katharina-pfeiffer-5ba165257\/\">Anna-Katharina Baumg\u00e4rtner<\/a> and <a href=\"https:\/\/www.linkedin.com\/in\/laura-rodax-74017a206\/\">Laura Rodax<\/a> \u2013 ein kleines, aber starkes Zweierteam. Eine offizielle Leitung gibt es bei uns nicht, denn wir arbeiten komplett auf Augenh\u00f6he. Und obwohl Laura remote dabei ist, f\u00fchlen wir uns im Arbeitsalltag wie ein Team, das T\u00fcr an T\u00fcr sitzt.<\/p>\n\n\n\n<hr class=\"wp-block-separator has-text-color has-ast-global-color-5-color has-alpha-channel-opacity has-ast-global-color-5-background-color has-background\"\/>\n\n\n\n<h3 class=\"wp-block-heading\" id=\"ember1728\">\u2728 Woran wir jeden Tag arbeiten<\/h3>\n\n\n\n<p id=\"ember1729\">Jeden Tag bringen wir ZAITRUS nach au\u00dfen: mit Posts \u00fcber Events sowie spannende Einblicke in Meilensteine und Wettbewerbe auf LinkedIn. Wir gestalten unseren Newsletter, entwickeln unsere Markenidentit\u00e4t weiter, erstellen Flyer, Messew\u00e4nde und Merch f\u00fcr Events. Dazu kommt noch jede Menge Bild- und Videomaterial, das wir selbst produzieren. Ihr seht, unser Aufgabenfeld ist vielseitig und wir unterst\u00fctzen auch immer gern, wenn es um neue Pitchdecks oder neue Stellenanzeigen geht. Dar\u00fcber hinaus schauen wir regelm\u00e4\u00dfig auf die Zahlen, um unsere Kan\u00e4le noch besser zu machen.<\/p>\n\n\n\n<hr class=\"wp-block-separator has-text-color has-ast-global-color-5-color has-alpha-channel-opacity has-ast-global-color-5-background-color has-background\"\/>\n\n\n\n<h3 class=\"wp-block-heading\" id=\"ember1730\">\ud83c\udf93 Wie wir zu ZAITRUS kamen:<\/h3>\n\n\n\n<p id=\"ember1731\">Anna-Katharina ist schon seit Beginn dabei, \u00fcber Jens kam sie direkt ins Team. Laura stie\u00df etwas sp\u00e4ter dazu, nachdem wir schon zuvor in einem anderen Projekt erfolgreich zusammengearbeitet hatten. Heute sind wir ein eingespieltes Team, das auch aus der Ferne perfekt harmoniert.<\/p>\n\n\n\n<hr class=\"wp-block-separator has-text-color has-ast-global-color-5-color has-alpha-channel-opacity has-ast-global-color-5-background-color has-background\"\/>\n\n\n\n<h3 class=\"wp-block-heading\" id=\"ember1732\">\ud83c\udfaf Beitrag zum Gesamterfolg:<\/h3>\n\n\n\n<p id=\"ember1733\">Wir sorgen daf\u00fcr, dass ZAITRUS sichtbar wird und vor allem f\u00fcr euch verst\u00e4ndlich und vertrauensw\u00fcrdig ist. Denn was bringt die beste Technologie, wenn sie keiner kennt oder versteht? Wir \u00fcbersetzen komplexe Inhalte in klare Botschaften, schaffen Aufmerksamkeit bei Investor:innen, Kund:innen&nbsp;und Talenten und helfen so dabei, dass ZAITRUS immer weiter w\u00e4chst.<\/p>\n\n\n\n<hr class=\"wp-block-separator has-text-color has-ast-global-color-5-color has-alpha-channel-opacity has-ast-global-color-5-background-color has-background\"\/>\n\n\n\n<h3 class=\"wp-block-heading\" id=\"ember1734\">\ud83c\udfc6 Meilenstein der letzten Monate:<\/h3>\n\n\n\n<p id=\"ember1735\">In den letzten Monaten haben wir eine wichtige strategische Entscheidung getroffen: Statt unsere Kr\u00e4fte auf mehrere Plattformen zu verteilen, haben wir uns basierend auf Analysen und Zahlen bewusst entschieden, Instagram vorerst ruhen zu lassen und uns ganz auf LinkedIn zu konzentrieren. Dieses klare Fokussieren hat sich gelohnt:<\/p>\n\n\n\n<ul class=\"wp-block-list\">\n<li>Unser LinkedIn-Newsletter hat es in nur sechs Monaten von 0 auf 250 Abonnenten geschafft<\/li>\n\n\n\n<li>Unsere LinkedIn-Community konnten wir im letzten Jahr sogar verdoppeln.<\/li>\n<\/ul>\n\n\n\n<p id=\"ember1737\">\ud83d\udc49 Ein sch\u00f6nes Beispiel daf\u00fcr, dass weniger manchmal wirklich mehr ist.<\/p>\n\n\n\n<hr class=\"wp-block-separator has-text-color has-ast-global-color-5-color has-alpha-channel-opacity has-ast-global-color-5-background-color has-background\"\/>\n\n\n\n<h3 class=\"wp-block-heading\" id=\"ember1738\">\ud83d\udd0d Aktuelle Herausforderungen:<\/h3>\n\n\n\n<p id=\"ember1739\">Unsere Kapazit\u00e4ten sind begrenzt, deshalb m\u00fcssen wir genau priorisieren, was wir wann umsetzen. Besonders wichtig ist uns gerade, die Sichtbarkeit bei Investor:innen und Kund:innen&nbsp;weiter auszubauen und gleichzeitig ein einheitliches, starkes Markenbild zu zeigen. Dar\u00fcber hinaus ist es uns ein Anliegen eine klare Position in Bezug auf die Umweltproblematik Mikroplastik zu beziehen und mehr Bewusstsein daf\u00fcr zu schaffen.<\/p>\n\n\n\n<hr class=\"wp-block-separator has-text-color has-ast-global-color-5-color has-alpha-channel-opacity has-ast-global-color-5-background-color has-background\"\/>\n\n\n\n<h3 class=\"wp-block-heading\" id=\"ember1740\">\ud83d\udc36 Funfact<\/h3>\n\n\n\n<p id=\"ember1741\">Unser bester Mitarbeiter hat \u00fcbrigens vier Beine: Fin, unser Chief of Wellbeing, sorgt daf\u00fcr, dass wir Pausen machen, frische Luft schnappen und mit neuen Ideen zur\u00fcckkommen.<\/p>\n\n\n\n<hr class=\"wp-block-separator has-text-color has-ast-global-color-5-color has-alpha-channel-opacity has-ast-global-color-5-background-color has-background\"\/>\n\n\n\n<h3 class=\"wp-block-heading\" id=\"ember1742\">\ud83d\udce2&nbsp;Noch nicht abonniert?<\/h3>\n\n\n\n<p id=\"ember1743\">Dann ist das hier euer&nbsp;friendly reminder, Fin w\u00fcrde sich besonders freuen!&nbsp; Und ganz ehrlich: Wer unseren Newsletter liest, bekommt wirklich exklusive Einblicke in unseren Start-up-Alltag und Team, die sonst verborgen bleiben.<\/p>\n\n\n\n<hr class=\"wp-block-separator has-text-color has-ast-global-color-5-color has-alpha-channel-opacity has-ast-global-color-5-background-color has-background\"\/>\n\n\n\n<h3 class=\"wp-block-heading\" id=\"ember1744\">\ud83c\udf0d&nbsp;Noch ein kleiner Hinweis in eigener Sache:<\/h3>\n\n\n\n<p id=\"ember1745\">Laura geht ab September ins Auslandssemester \ud83c\udf0e \u2013 deshalb suchen wir <strong>Unterst\u00fctzung f\u00fcrs Marketing-Team!<\/strong><\/p>\n\n\n\n<p id=\"ember1746\">\ud83d\udc49 Hier geht\u2019s zur <strong>Stellenanzeige<\/strong>: <a href=\"https:\/\/www.sprind.org\/wir\/jobs\/werkstudent-in-oeffentlichkeitsarbeit-kommunitation-m-w-d\">https:\/\/www.sprind.org\/wir\/jobs\/werkstudent-in-oeffentlichkeitsarbeit-kommunitation-m-w-d<\/a><\/p>\n\n\n\n<hr class=\"wp-block-separator has-text-color has-ast-global-color-5-color has-alpha-channel-opacity has-ast-global-color-5-background-color has-background\"\/>\n\n\n\n<p id=\"ember1747\">\u2728 Bleibt dran: In der n\u00e4chsten Ausgabe nehmen wir euch wieder mit in eine weitere spannende Abteilung von ZAITRUS \ud83d\ude4c<\/p>","protected":false},"excerpt":{"rendered":"<p>Sch\u00f6n, dass ihr wieder dabei seid bei \u201eZAITRUS Behind the Mission\u201c! Diesmal drehen wir den Spie\u00df um und stellen uns selbst vor: Wir, das Marketing-Team, stecken hinter den bisherigen Ausgaben dieses Newsletters und geben euch heute einen ganz pers\u00f6nlichen Einblick in unsere Arbeit, unsere Motivation und warum selbst ein kleines Team richtig Gro\u00dfes bewirken kann. [&hellip;]<\/p>\n","protected":false},"author":7,"featured_media":4192,"comment_status":"open","ping_status":"open","sticky":false,"template":"","format":"standard","meta":{"site-sidebar-layout":"default","site-content-layout":"","ast-site-content-layout":"default","site-content-style":"default","site-sidebar-style":"default","ast-global-header-display":"","ast-banner-title-visibility":"","ast-main-header-display":"","ast-hfb-above-header-display":"","ast-hfb-below-header-display":"","ast-hfb-mobile-header-display":"","site-post-title":"","ast-breadcrumbs-content":"","ast-featured-img":"","footer-sml-layout":"","ast-disable-related-posts":"","theme-transparent-header-meta":"","adv-header-id-meta":"","stick-header-meta":"","header-above-stick-meta":"","header-main-stick-meta":"","header-below-stick-meta":"","astra-migrate-meta-layouts":"set","ast-page-background-enabled":"default","ast-page-background-meta":{"desktop":{"background-color":"","background-image":"","background-repeat":"repeat","background-position":"center center","background-size":"auto","background-attachment":"scroll","background-type":"","background-media":"","overlay-type":"","overlay-color":"","overlay-opacity":"","overlay-gradient":""},"tablet":{"background-color":"","background-image":"","background-repeat":"repeat","background-position":"center center","background-size":"auto","background-attachment":"scroll","background-type":"","background-media":"","overlay-type":"","overlay-color":"","overlay-opacity":"","overlay-gradient":""},"mobile":{"background-color":"","background-image":"","background-repeat":"repeat","background-position":"center center","background-size":"auto","background-attachment":"scroll","background-type":"","background-media":"","overlay-type":"","overlay-color":"","overlay-opacity":"","overlay-gradient":""}},"ast-content-background-meta":{"desktop":{"background-color":"var(--ast-global-color-5)","background-image":"","background-repeat":"repeat","background-position":"center center","background-size":"auto","background-attachment":"scroll","background-type":"","background-media":"","overlay-type":"","overlay-color":"","overlay-opacity":"","overlay-gradient":""},"tablet":{"background-color":"var(--ast-global-color-5)","background-image":"","background-repeat":"repeat","background-position":"center center","background-size":"auto","background-attachment":"scroll","background-type":"","background-media":"","overlay-type":"","overlay-color":"","overlay-opacity":"","overlay-gradient":""},"mobile":{"background-color":"var(--ast-global-color-5)","background-image":"","background-repeat":"repeat","background-position":"center center","background-size":"auto","background-attachment":"scroll","background-type":"","background-media":"","overlay-type":"","overlay-color":"","overlay-opacity":"","overlay-gradient":""}},"footnotes":""},"categories":[17],"tags":[],"class_list":["post-4191","post","type-post","status-publish","format-standard","has-post-thumbnail","hentry","category-newsletter"],"_links":{"self":[{"href":"https:\/\/www.zaitrus.de\/en\/wp-json\/wp\/v2\/posts\/4191","targetHints":{"allow":["GET"]}}],"collection":[{"href":"https:\/\/www.zaitrus.de\/en\/wp-json\/wp\/v2\/posts"}],"about":[{"href":"https:\/\/www.zaitrus.de\/en\/wp-json\/wp\/v2\/types\/post"}],"author":[{"embeddable":true,"href":"https:\/\/www.zaitrus.de\/en\/wp-json\/wp\/v2\/users\/7"}],"replies":[{"embeddable":true,"href":"https:\/\/www.zaitrus.de\/en\/wp-json\/wp\/v2\/comments?post=4191"}],"version-history":[{"count":1,"href":"https:\/\/www.zaitrus.de\/en\/wp-json\/wp\/v2\/posts\/4191\/revisions"}],"predecessor-version":[{"id":4193,"href":"https:\/\/www.zaitrus.de\/en\/wp-json\/wp\/v2\/posts\/4191\/revisions\/4193"}],"wp:featuredmedia":[{"embeddable":true,"href":"https:\/\/www.zaitrus.de\/en\/wp-json\/wp\/v2\/media\/4192"}],"wp:attachment":[{"href":"https:\/\/www.zaitrus.de\/en\/wp-json\/wp\/v2\/media?parent=4191"}],"wp:term":[{"taxonomy":"category","embeddable":true,"href":"https:\/\/www.zaitrus.de\/en\/wp-json\/wp\/v2\/categories?post=4191"},{"taxonomy":"post_tag","embeddable":true,"href":"https:\/\/www.zaitrus.de\/en\/wp-json\/wp\/v2\/tags?post=4191"}],"curies":[{"name":"wp","href":"https:\/\/api.w.org\/{rel}","templated":true}]}}